{"id":25875342,"global_id":"neurodiversityprideday.com\/fr?id=25875342","global_id_lineage":["neurodiversityprideday.com\/fr?id=25875342"],"author":"61","status":"publish","date":"2025-06-10 20:51:55","date_utc":"2025-06-10 18:51:55","modified":"2025-06-10 20:51:55","modified_utc":"2025-06-10 18:51:55","url":"https:\/\/neurodiversityprideday.com\/fr\/my-event\/audiovisuales-de-escuelas-y-universidades\/","rest_url":"https:\/\/neurodiversityprideday.com\/fr\/wp-json\/tribe\/events\/v1\/events\/25875342","title":"AUDIOVISUALES DE ESCUELAS Y UNIVERSIDADES","description":"<p data-sourcepos=\"3:1-3:13\">Hola a todos:<\/p>\n<p data-sourcepos=\"5:1-5:295\">\u00a1Este a\u00f1o es hist\u00f3rico! Por primera vez, los pa\u00edses hispanohablantes nos unimos a la celebraci\u00f3n del\u00a0<strong>D\u00eda del Orgullo de la Neurodiversidad<\/strong>. Es un honor para todos los que participamos en esta iniciativa, en la que compartiremos internacionalmente talleres, charlas, m\u00fasica, pel\u00edculas y otras actividades.<\/p>\n<p data-sourcepos=\"5:1-5:295\">Estamos inmensamente agradecidos a eMove International Festival por darnos la incre\u00edble oportunidad de exhibir una selecci\u00f3n de los trabajos galardonados en sus primeras nueve ediciones. Esta muestra incluye audiovisuales excepcionales creados por estudiantes de diversas escuelas y universidades.<\/p>\n<p data-sourcepos=\"5:1-5:295\">A trav\u00e9s de estas obras, nuestro objetivo es compartir un mensaje fundamental con todas las personas: todos formamos parte de la neurodiversidad. Queremos celebrar la riqueza y la variedad de mentes que existen en nuestro mundo.<\/p>\n<p data-sourcepos=\"5:1-5:295\">Con estos videos os damos la bienvenida a ND Pride, una celebraci\u00f3n organizada por y para personas neurodivergentes y sus aliados. Todo el mundo, independientemente de su neurotipo, est\u00e1 invitado a unirse para reconocer y honrar la neurodiversidad. Celebramos la singularidad de los cerebros neurodivergentes y el valor de la neurodiversidad para la sociedad. La neurodiversidad se refiere a las formas casi infinitas en que los cerebros funcionan, perciben y entienden el mundo. Reconoce y valora los puntos fuertes y las capacidades que surgen de los distintos neurotipos, como el autismo, el TDAH, la dislexia, el TDC, la superdotaci\u00f3n, los trastornos mentales y otros. Nuestra celebraci\u00f3n tambi\u00e9n aboga por proporcionar apoyo y adaptaciones a las personas neurodivergentes, permiti\u00e9ndoles prosperar en una sociedad dise\u00f1ada para la mayor\u00eda.<\/p>\n<p data-sourcepos=\"5:1-5:295\">Pod\u00e9is ver una fant\u00e1stica muestra de 9 audiovisuales premiados en las \u00faltimas ediciones del Festival. Estamos seguros de que os va a sorprender.<\/p>\n<p data-sourcepos=\"5:1-5:295\">Este es el enlace paera poder ver: https:\/\/www.youtube.com\/watch?v=xgANYKxhYx4&amp;t=54s<\/p>\n<p data-sourcepos=\"7:1-8:58\">Le invitamos a consultar el\u00a0<strong>programa completo<\/strong>\u00a0y a participar en nuestros eventos a trav\u00e9s de este enlace:\u00a0<a class=\"ng-star-inserted\" href=\"https:\/\/acortar.link\/mpJmBn\" target=\"_blank\" rel=\"noopener\">https:\/\/acortar.link\/mpJmBn<\/a><\/p>\n<p data-sourcepos=\"10:1-11:74\">Adem\u00e1s, nos encantar\u00eda contar con tu\u00a0<strong>opini\u00f3n<\/strong>\u00a0para elaborar un manifiesto que celebre la neurodiversidad. En el siguiente formulario puedes dejar tus comentarios y registrarte para acceder a las salas de Zoom de los eventos en directo:\u00a0<a class=\"ng-star-inserted\" href=\"https:\/\/forms.gle\/r3F4Y2ysScKxvmdj9\" target=\"_blank\" rel=\"noopener\">https:\/\/forms.gle\/r3F4Y2ysScKxvmdj9<\/a><\/p>\n<p data-sourcepos=\"13:1-13:22\">\u00a1Esperamos verte all\u00ed!<\/p>","excerpt":"","slug":"audiovisuales-de-escuelas-y-universidades","image":{"url":"https:\/\/neurodiversityprideday.com\/wp-content\/uploads\/2025\/06\/evento-audiovidual-ndpd-jn-25-1-scaled.jpg","id":25875355,"extension":"jpg","width":2270,"height":2560,"filesize":848669,"sizes":{"medium":{"width":266,"height":300,"mime-type":"image\/jpeg","filesize":46185,"url":"https:\/\/neurodiversityprideday.com\/wp-content\/uploads\/2025\/06\/evento-audiovidual-ndpd-jn-25-1-266x300.jpg"},"large":{"width":908,"height":1024,"mime-type":"image\/jpeg","filesize":232782,"url":"https:\/\/neurodiversityprideday.com\/wp-content\/uploads\/2025\/06\/evento-audiovidual-ndpd-jn-25-1-908x1024.jpg"},"thumbnail":{"width":150,"height":150,"mime-type":"image\/jpeg","filesize":27405,"url":"https:\/\/neurodiversityprideday.com\/wp-content\/uploads\/2025\/06\/evento-audiovidual-ndpd-jn-25-1-150x150.jpg"},"medium_large":{"width":768,"height":866,"mime-type":"image\/jpeg","filesize":181983,"url":"https:\/\/neurodiversityprideday.com\/wp-content\/uploads\/2025\/06\/evento-audiovidual-ndpd-jn-25-1-768x866.jpg"},"1536x1536":{"width":1362,"height":1536,"mime-type":"image\/jpeg","filesize":418818,"url":"https:\/\/neurodiversityprideday.com\/wp-content\/uploads\/2025\/06\/evento-audiovidual-ndpd-jn-25-1-1362x1536.jpg"},"2048x2048":{"width":1816,"height":2048,"mime-type":"image\/jpeg","filesize":625422,"url":"https:\/\/neurodiversityprideday.com\/wp-content\/uploads\/2025\/06\/evento-audiovidual-ndpd-jn-25-1-1816x2048.jpg"},"trp-custom-language-flag":{"width":11,"height":12,"mime-type":"image\/jpeg","filesize":17594,"url":"https:\/\/neurodiversityprideday.com\/wp-content\/uploads\/2025\/06\/evento-audiovidual-ndpd-jn-25-1-11x12.jpg"},"et-pb-post-main-image":{"width":400,"height":250,"mime-type":"image\/jpeg","filesize":52431,"url":"https:\/\/neurodiversityprideday.com\/wp-content\/uploads\/2025\/06\/evento-audiovidual-ndpd-jn-25-1-400x250.jpg"},"et-pb-post-main-image-fullwidth":{"width":1080,"height":675,"mime-type":"image\/jpeg","filesize":193150,"url":"https:\/\/neurodiversityprideday.com\/wp-content\/uploads\/2025\/06\/evento-audiovidual-ndpd-jn-25-1-1080x675.jpg"},"et-pb-portfolio-image":{"width":400,"height":284,"mime-type":"image\/jpeg","filesize":57928,"url":"https:\/\/neurodiversityprideday.com\/wp-content\/uploads\/2025\/06\/evento-audiovidual-ndpd-jn-25-1-400x284.jpg"},"et-pb-portfolio-module-image":{"width":510,"height":382,"mime-type":"image\/jpeg","filesize":81392,"url":"https:\/\/neurodiversityprideday.com\/wp-content\/uploads\/2025\/06\/evento-audiovidual-ndpd-jn-25-1-510x382.jpg"},"et-pb-portfolio-image-single":{"width":1080,"height":1218,"mime-type":"image\/jpeg","filesize":298325,"url":"https:\/\/neurodiversityprideday.com\/wp-content\/uploads\/2025\/06\/evento-audiovidual-ndpd-jn-25-1-1080x1218.jpg"},"et-pb-gallery-module-image-portrait":{"width":400,"height":516,"mime-type":"image\/jpeg","filesize":82493,"url":"https:\/\/neurodiversityprideday.com\/wp-content\/uploads\/2025\/06\/evento-audiovidual-ndpd-jn-25-1-400x516.jpg"},"et-pb-post-main-image-fullwidth-large":{"width":2384,"height":1800,"mime-type":"image\/jpeg","filesize":765267,"url":"https:\/\/neurodiversityprideday.com\/wp-content\/uploads\/2025\/06\/evento-audiovidual-ndpd-jn-25-1-2384x1800.jpg"},"et-pb-image--responsive--desktop":{"width":1280,"height":1444,"mime-type":"image\/jpeg","filesize":382356,"url":"https:\/\/neurodiversityprideday.com\/wp-content\/uploads\/2025\/06\/evento-audiovidual-ndpd-jn-25-1-1280x1444.jpg"},"et-pb-image--responsive--tablet":{"width":980,"height":1105,"mime-type":"image\/jpeg","filesize":260180,"url":"https:\/\/neurodiversityprideday.com\/wp-content\/uploads\/2025\/06\/evento-audiovidual-ndpd-jn-25-1-980x1105.jpg"},"et-pb-image--responsive--phone":{"width":480,"height":541,"mime-type":"image\/jpeg","filesize":94867,"url":"https:\/\/neurodiversityprideday.com\/wp-content\/uploads\/2025\/06\/evento-audiovidual-ndpd-jn-25-1-480x541.jpg"}},"original_image":"evento-audiovidual-ndpd-jn-25-1.jpg"},"all_day":true,"start_date":"2025-06-11 00:00:00","start_date_details":{"year":"2025","month":"06","day":"11","hour":"00","minutes":"00","seconds":"00"},"end_date":"2025-06-16 23:59:59","end_date_details":{"year":"2025","month":"06","day":"16","hour":"23","minutes":"59","seconds":"59"},"utc_start_date":"2025-06-10 22:00:00","utc_start_date_details":{"year":"2025","month":"06","day":"10","hour":"22","minutes":"00","seconds":"00"},"utc_end_date":"2025-06-16 21:59:59","utc_end_date_details":{"year":"2025","month":"06","day":"16","hour":"21","minutes":"59","seconds":"59"},"timezone":"Europe\/Amsterdam","timezone_abbr":"CEST","cost":"","cost_details":{"currency_symbol":"","currency_code":"","currency_position":"","values":[]},"website":"https:\/\/www.youtube.com\/watch?v=xgANYKxhYx4&amp;t=54s","show_map":true,"show_map_link":true,"hide_from_listings":false,"sticky":false,"featured":false,"categories":[],"tags":[],"venue":[],"organizer":[{"id":25873993,"author":"61","status":"publish","date":"2025-06-04 20:46:37","date_utc":"0000-00-00 00:00:00","modified":"2025-06-04 20:46:37","modified_utc":"0000-00-00 00:00:00","url":"https:\/\/neurodiversityprideday.com\/fr\/organisateur\/neurodiversi\/","organizer":"NeurodiverSi","slug":"neurodiversi","website":"Https:\/\/neurodiversi.org","email":"hola@neurodiversi.org","json_ld":{"@type":"Person","name":"NeurodiverSi","description":"","url":"https:\/\/neurodiversi.org","telephone":"","email":"h&#111;&#108;a&#64;neu&#114;o&#100;&#105;&#118;&#101;&#114;s&#105;.o&#114;&#103;","sameAs":"https:\/\/neurodiversi.org"},"global_id":"neurodiversityprideday.com\/fr?id=25873993","global_id_lineage":["neurodiversityprideday.com\/fr?id=25873993"]}],"custom_fields":[],"json_ld":{"@context":"http:\/\/schema.org","@type":"Event","name":"AUDIOVISUALES DE ESCUELAS Y UNIVERSIDADES","description":"&lt;p&gt;Hola a todos: \u00a1Este a\u00f1o es hist\u00f3rico! Por primera vez, los pa\u00edses hispanohablantes nos unimos a la celebraci\u00f3n del\u00a0D\u00eda del Orgullo de la Neurodiversidad. Es un honor para todos los [&hellip;]&lt;\/p&gt;\\n","image":"https:\/\/neurodiversityprideday.com\/wp-content\/uploads\/2025\/06\/evento-audiovidual-ndpd-jn-25-1-scaled.jpg","url":"https:\/\/neurodiversityprideday.com\/fr\/my-event\/audiovisuales-de-escuelas-y-universidades\/","eventAttendanceMode":"https:\/\/schema.org\/OfflineEventAttendanceMode","eventStatus":"https:\/\/schema.org\/EventScheduled","startDate":"2025-06-11T00:00:00+02:00","endDate":"2025-06-16T23:59:59+02:00","organizer":{"@type":"Person","name":"NeurodiverSi","description":"","url":"https:\/\/neurodiversi.org","telephone":"","email":"&#104;&#111;la&#64;&#110;&#101;&#117;r&#111;&#100;i&#118;&#101;rsi&#46;o&#114;g","sameAs":"https:\/\/neurodiversi.org"},"performer":"Organization"}}