{"id":69,"count":45,"description":"","link":"https:\/\/neurodiversityprideday.com\/hu\/events\/kategoria\/talks\/","name":"El\u0151ad\u00e1sok, prezent\u00e1ci\u00f3k \u00e9s el\u0151ad\u00e1sok","slug":"talks","taxonomy":"tribe_events_cat","parent":0,"meta":[],"acf":[],"_links":{"self":[{"href":"https:\/\/neurodiversityprideday.com\/hu\/wp-json\/wp\/v2\/tribe_events_cat\/69","targetHints":{"allow":["GET"]}}],"collection":[{"href":"https:\/\/neurodiversityprideday.com\/hu\/wp-json\/wp\/v2\/tribe_events_cat"}],"about":[{"href":"https:\/\/neurodiversityprideday.com\/hu\/wp-json\/wp\/v2\/taxonomies\/tribe_events_cat"}],"wp:post_type":[{"href":"https:\/\/neurodiversityprideday.com\/hu\/wp-json\/wp\/v2\/tribe_events?tribe_events_cat=69"},{"href":"https:\/\/neurodiversityprideday.com\/hu\/wp-json\/wp\/v2\/tec_calendar_embed?tribe_events_cat=69"}],"curies":[{"name":"wp","href":"https:\/\/api.w.org\/{rel}","templated":true}]}}